{"id":1214,"date":"2026-03-14T02:40:01","date_gmt":"2026-03-14T02:40:01","guid":{"rendered":"https:\/\/kahrabaeyjeddah.com\/?p=1214"},"modified":"2026-03-14T02:40:00","modified_gmt":"2026-03-14T02:40:00","slug":"giro25-18-szakasz-unicamente-denz-larger-split","status":"publish","type":"post","link":"https:\/\/kahrabaeyjeddah.com\/?p=1214","title":{"rendered":"GIRO&#39;25 18. szakasz: Unicamente Denz Larger Split"},"content":{"rendered":"<div id=\"toc\" style=\"background: #f9f9f9;border: 1px solid #aaa;display: table;margin-bottom: 1em;padding: 1em;width: 350px;\">\n<p class=\"toctitle\" style=\"font-weight: 700;text-align: center;\">Tartalom<\/p>\n<ul class=\"toc_list\">\n<li><a href=\"#toc-0\">Game bookers b\u00f3nuszk\u00f3d &#8211; A leg\u00fajabb kiemelked\u0151 t\u00f6rt\u00e9net att\u00f3l kezdve, hogy mind\u00f6ssze nyolc ker\u00e9kp\u00e1ros teljes\u00edtette az \u00faj Giro d&#39;Itali\u00e1t<\/a><\/li>\n<li><a href=\"#toc-1\">18. f\u00e1zis<\/a><\/li>\n<li><a href=\"#toc-2\">K\u00f6vesd a Tour de France 16. szakasz\u00e1t az interneten: A k\u00f6zvet\u00edt\u0151k \u00e9s te is megtal\u00e1lod a Mont Ventoux-i \u00f6sszecsap\u00e1sodat<\/a><\/li>\n<li><a href=\"#toc-3\">Giro d&#39;Italia versenyz\u0151 csod\u00e1t l\u00e1tott: Maradjon t\u00e1vol, miut\u00e1n a szakad\u00e9kba d\u0151lt<\/a><\/li>\n<\/ul>\n<\/div>\n<p>Az emelked\u0151 bez\u00e1rul, \u00e9s a verseny egy helyi aut\u00f3p\u00e1ly\u00e1ra \u00e9r, Fortunato \u00e9s Stork utol\u00e9rik a csatavezet\u0151 Bardet-t, Cattane\u00f3t \u00e9s Eul\u00e1li\u00f3t. Most a dolgok parancsnoka \u00e9s a t\u00f6bbsz\u00f6r\u00f6s szakaszbajnok Mads Pedersen (Lidl-Trek) jobban h\u00fazza a csoportot. Mind\u00f6ssze 166 km hossz\u00fa, de Cuatroval 950 m\u00e9terrel lemaradva a szintk\u00fcl\u00f6nbs\u00e9gt\u0151l.<\/p>\n<p>Az \u00faj mez\u0151ny m\u00e1r majdnem sz\u00e9tv\u00e1lt, de az Ineos v\u00e9gre \u00e1tvette az ir\u00e1ny\u00edt\u00e1st. Most a Germani funkci\u00f3k t\u00e1madnak az emelked\u0151 tetej\u00e9n, \u00e9s egy kis lemarad\u00e1s keletkezik. <!--more--> Ha valakinek csatlakoznia kell a <a href=\"https:\/\/fogadas-sport.com\/gamebookers\/\">game bookers b\u00f3nuszk\u00f3d<\/a> kilenceshez, most m\u00e1r \u0151k is eloszlanak. Nagyszer\u0171, kifulladt rajt volt, \u00e9s az els\u0151 10 km-en nem alakult ki kit\u00f6r\u00e9s. A k\u00e9t versenyz\u0151 az Ark\u00e9\u00e1b\u00f3l \u00e9s a Decathlonb\u00f3l sz\u00e1rmazik, \u00e9s tov\u00e1bbi ker\u00e9kp\u00e1rosok is csatlakoznak hozz\u00e1juk.<\/p>\n<p>Az \u00faj sprinter, aki az elm\u00falt \u00e9vben a flandriai kir\u00e1ndul\u00e1son l\u00e9pett p\u00e1ly\u00e1ra, arra t\u00f6rekszik, hogy az \u00faj csapatban legyen, \u00e9s valahol \u00fatk\u00f6zben szakaszgy\u0151zelmet arasson. A puncheur Quinten Hermans a csapat szinte minden m\u00e1sodik kihagyott neve. Az \u00faj belga elm\u00e9k seg\u00edtenek Olaszorsz\u00e1gnak az els\u0151 nagy utaz\u00e1si szakaszgy\u0151zelmek megszerz\u00e9s\u00e9ben, akikkel az elm\u00falt \u00e9vben szoros kapcsolatban \u00e1lltak, \u00e9s harmadik helyez\u00e9st \u00e9rtek el Fan\u00f3ban. Sz\u00e1mos k\u00e9pzett sprinter, befut\u00f3 \u00e9s hegym\u00e1sz\u00f3 van a benevezett list\u00e1n, akik szakaszgy\u0151zelmeket c\u00e9loznak meg, hogy leny\u0171g\u00f6z\u0151 \u00e9s neh\u00e9z sprintet produk\u00e1ljanak. Az els\u0151 nagy utaz\u00e1s 2025-t\u0151l a p\u00e9nteki Get 9-ig tart, ha a Giro d&#39;Italia egy nagy, h\u00e1rom szakasszal indul Alb\u00e1ni\u00e1ban, miel\u0151tt a t\u00f6bbi 18 szakasz Olaszorsz\u00e1gban k\u00f6vetkezne.<\/p>\n<h2 id=\"toc-0\">Game bookers b\u00f3nuszk\u00f3d &#8211; A leg\u00fajabb kiemelked\u0151 t\u00f6rt\u00e9net att\u00f3l kezdve, hogy mind\u00f6ssze nyolc ker\u00e9kp\u00e1ros teljes\u00edtette az \u00faj Giro d&#39;Itali\u00e1t<\/h2>\n<ul>\n<li>Pedersen munk\u00e1ss\u00e1ga seg\u00edtette Veron\u00e1t \u00e9s Bilba\u00f3t, m\u00edg m\u00e1sok elszakadtak.<\/li>\n<li>Alig 4 km van h\u00e1tra a semleges\u00edtett teker\u00e9st\u0151l, amit m\u00e1r csak a friss mez\u0151ny\u00e9rt kell megtenni.<\/li>\n<li>Van Aert elakadt, \u00e9s te is meghalsz majd az \u00faj emelked\u0151 lejt\u0151in, Georg Steinhauserrel, Nicolas Prodhomme-mal \u00e9s Jan Tratnik-kal, akik az\u00e9rt k\u00fczdenek, hogy vezet\u0151 kateg\u00f3ri\u00e1t hozzanak l\u00e9tre.<\/li>\n<li>M\u00e9gis, szinte minden nagy t\u00far\u00e1n megesik, hogy megjegyezz\u00fck, Mikel Landa h\u00e1nyszor t\u00e9vedt el, ak\u00e1r sz\u00fcks\u00e9gtelen\u00fcl, ak\u00e1r a gyenge id\u0151m\u00e9r\u0151 edz\u00e9sei miatt, de most nem.<\/li>\n<\/ul>\n<p>R\u00f6vid hull\u00e1mz\u00e1sok tark\u00edtj\u00e1k az utat, sok egyenes szakasz tal\u00e1lhat\u00f3 benn\u00fck, melyek a probl\u00e9m\u00e1s kanyarokb\u00f3l csatlakoznak. Az \u00fatfel\u00fclet nagyr\u00e9szt aszfalt, n\u00e9h\u00e1ny kisebb szakaszon t\u00f6bb \u00fatburkolati jel (\u201esanpietrini\u201d) tal\u00e1lhat\u00f3. A maglia rosa utols\u00f3 bajnoka a friss Alpokban d\u0151l el, k\u00e9t h\u00f3nap m\u00falva t\u00f6bb mint 900 000 m\u00e9ternyi t\u00far\u00e1z\u00e1si lehet\u0151s\u00e9ggel. A 19. szakasz \u00f6t nagy emelked\u0151vel teli 166 km-en, majd a 20. szakasz k\u00f6vetkezik az \u00faj, hatalmas Colle delle Finestre emelked\u0151j\u00e9n, ahol Chris Froome egyed\u00fcl rohant le Tom Dumoulin el\u0151l.<\/p>\n<p><img decoding=\"async\" src=\"https:\/\/covers.magazinecloner.com\/covers\/100650.jpg\" alt=\"game bookers b\u00f3nuszk\u00f3d\" align=\"right\" border=\"0\" style=\"padding: 0px;\"><\/p>\n<p>A frissen harcol\u00f3 tri\u00f3t a sz\u00fcnet h\u00e1tral\u00e9v\u0151 r\u00e9sz\u00e9ben visszah\u00fazt\u00e1k. A Sirtorib\u00f3l j\u00f6ttek, a m\u00falt folyamatosan ny\u00falik a nap folyam\u00e1n, am\u00edg a lak\u00e1sba nem \u00e9rnek. Scaroni ism\u00e9t hozz\u00e1adta a m\u00e1sz\u00e1s k\u00fcl\u00f6nlegess\u00e9g\u00e9t, \u00e9s most Francesco Busatto t\u00e1mad az eredet fel\u00e9.<\/p>\n<h2 id=\"toc-1\">18. f\u00e1zis<\/h2>\n<p>Ez m\u00e1r egy ideje a j\u00f6v\u0151 k\u00e9rd\u00e9se volt, de a britek most megtett\u00e9k a maguk\u00e9t. Hogy ne kelljen t\u00f6bb\u00e9 Rogli\u010dot megmenteni, a fiatal olasz seg\u00edt a friss maglia rosa oszt\u00e1ly els\u0151 rajtj\u00e1t megtenni. V\u00e9g\u00fcl Wout van Aert-et egy nagyszer\u0171 fordulat \u00e9s egy nagy nap ut\u00e1n a sz\u00fcnetben ki\u00fctik. Az Egyes\u00fclt Arab Em\u00edrs\u00e9gek visszaszerzik az ir\u00e1ny\u00edt\u00e1st Majk\u00e1val, aki megpr\u00f3b\u00e1lja majd visszaszerezni a benyom\u00e1st, \u00e9s Adam Yates-t visszajuttatj\u00e1k az \u00e9lre a lengyellel egy\u00fctt. Egy \u00fajabb nagyobb lesikl\u00f3 szakasz k\u00f6vetkezik, eg\u00e9szen a nagy fin\u00e1l\u00e9ig, \u00e9s egy fontos tal\u00e1lkoz\u00f3 z\u00e1rul.<\/p>\n<h2 id=\"toc-2\">K\u00f6vesd a Tour de France 16. szakasz\u00e1t az interneten: A k\u00f6zvet\u00edt\u0151k \u00e9s te is megtal\u00e1lod a Mont Ventoux-i \u00f6sszecsap\u00e1sodat<\/h2>\n<p>Holnap \u00e9rkezik a k\u00f6vetkez\u0151, Del Toro \u00e9s a t\u00f6bbi orsz\u00e1got GC favoritk\u00e9nt bemutat\u00f3 d\u00e1tum, mivel a h\u00edres Mortirolo egy m\u00e1sik neh\u00e9z p\u00e1ly\u00e1s d\u00e1tumot is bepontoz a 17. szakaszon. Ez egy kisebb szakasz a 155 km-en, \u00e9s nincs olyan konvenci\u00f3, amivel felvehetn\u00e9nk a versenyt, de a mai pokoli nap ut\u00e1n tov\u00e1bbi nagyobb lyukakat fedezhet\u00fcnk fel a Bormio fel\u00e9 vezet\u0151 \u00faton. Az utols\u00f3 kilom\u00e9terre \u00e9rkezik az XDS Astana leg\u00fajabb du\u00f3ja, Fortunato \u00e9s Scaroni, akik leny\u0171g\u00f6z\u0151 id\u0151t futottak a csapat sz\u00e1m\u00e1ra. A GC-akci\u00f3 be\u00e1rny\u00e9kolja majd, de a 16. szakaszon egy mesteri teljes\u00edtm\u00e9nysel kezdt\u00e9k a sz\u00f6k\u00e9st\u0151l t\u00e1volodva. Voisard elkapta, \u00e9s az XDS Astana nagyon j\u00f3 \u00faton halad, hogy megpr\u00f3b\u00e1lja megszerezni az \u00faj szakaszgy\u0151zelmet. A Movistar Ceped\u00e1ja tov\u00e1bbra is tartja \u0151ket, de az olaszok biztosak lehetnek az utols\u00f3 13 km-ig.<\/p>\n<ul>\n<li>Nagyon k\u00f6zel \u00e1ll a Giro gy\u0151zelmi szerep\u00e9hez, ahogyan 2019-ben is.<\/li>\n<li>Remco Evenepoel (hamarosan Red-colored Bull-Bora-hansgrohe) is versenyezhet, \u00e9s a gy\u0151ztes Simon Yates (Visma-Rent a bicycle) is versenyben maradhat.<\/li>\n<li>A leg\u00fajabb belga aut\u00f3 a halad\u00f3 aut\u00f3versenyek kateg\u00f3ri\u00e1j\u00e1ban nyerte el a legmagasabb elismer\u00e9st.<\/li>\n<li>Egy m\u00e1sik lehet\u0151s\u00e9g N\u00e1poly fogad\u00e1sa, ahol megtal\u00e1lja a sz\u00ednpad v\u00e9g\u00e9t, \u00e9s a sprinterek, akikkel egy nagyra becs\u00fclt gy\u0151zelem\u00e9rt fogsz k\u00fczdeni, de a teljes versenyz\u0151k, akikre tov\u00e1bbra is sz\u00e1m\u00edthatsz.<\/li>\n<\/ul>\n<p><img decoding=\"async\" src=\"https:\/\/www.mobilewins.co.uk\/wp-content\/uploads\/2019\/04\/mobilewins_header_sportsbook_tc_new.jpg\" alt=\"game bookers b\u00f3nuszk\u00f3d\" style=\"padding: 0px;\" align=\"right\" border=\"0\"><\/p>\n<p>A mez\u0151nyben mind\u00f6ssze 1 perc 21 m\u00e1sodperc van, mivel a Qafa Elizabeth Llogaras\u00eb \u00faj, 10,5 km-es szakasz\u00e1n el\u00e9g lesz felmenni, ami egy lend\u00fcletes, k\u00f6zepes emelked\u0151t foglal mag\u00e1ban, 7,5%-os emelked\u0151vel, \u00e9s a maxim\u00e1lis meg\u00e1ll\u00e1si sebess\u00e9g 12% k\u00f6r\u00fcl van. De Bondt m\u00e1r biztosan visszat\u00e9rt a mez\u0151nybe, mik\u00f6zben k\u00f6zelednek a k\u00f6vetkez\u0151 halad\u00f3 szakaszhoz, ami Gjilek\u00eb-ben lesz. A leg\u00fajabb n\u00e9met pil\u00f3ta a mez\u0151nyh\u00f6z \u00e9rkezik, nagyszer\u0171 ir\u00e1ny\u00edt\u00e1st kap a buliaut\u00f3j\u00e1b\u00f3l, \u00e9s hamarosan visszat\u00e9r a leg\u00fajabb mez\u0151nybe. Az \u00faj boxutca-funkci\u00f3k v\u00e1ltozatlanok maradtak a mez\u0151ny \u00e9s a rajthely k\u00f6z\u00f6tti szakaszon. A brit pil\u00f3ta el\u00e1rulta, mit gondol a k\u00e9k mez\u00e9rt folytatott k\u00fczdelemr\u0151l, \u00e9s ez egy olyan versenyz\u0151, aki teljes m\u00e9rt\u00e9kben a Roma sz\u00edneiben k\u00fczd\u00f6tt a mez\u00e9rt, de Sylvain Moniquet (Cofidis) egyel\u0151re k\u00e9kre v\u00e1lt. A piros Bull-Bora-Hansgrohe \u00fagy \u00e9rzi, hogy az eg\u00e9sz csapat a mez\u0151ny \u00e9l\u00e9n \u00e1ll, egy Lidl-Trip sof\u0151rrel egy szinten.<\/p>\n<p>A hatodik szakasz a 226 km-es szakasz elej\u00e9n dombos szakaszt k\u00f6vet\u0151en hossz\u00fa t\u00e1vot foglal mag\u00e1ban, miel\u0151tt a p\u00e1lya k\u00e9s\u0151bbi szakasza k\u00f6vetkezik, a N\u00e1polyb\u00f3l kivezet\u0151 \u00faj \u00f6b\u00f6lt\u0151l eltekintve. Az \u00faj szakasz a Basilicata-t\u00f3l indul\u00f3 Potenza-ban kezd\u0151dik, \u00e9s \u00e9szaknyugat fel\u00e9 halad, n\u00e9h\u00e1ny KOM-ot megt\u00e9ve az \u00fatvonalon, miel\u0151tt sprinterek induln\u00e1nak a N\u00e1polyban befejez\u0151d\u0151 szakaszra. Miut\u00e1n Alb\u00e1ni\u00e1b\u00f3l Pugli\u00e1ba utazunk, hogy d\u00e9l fel\u00e9 haladjunk Olaszorsz\u00e1gb\u00f3l, \u00e9s p\u00e9nteken kor\u00e1n pihen\u0151napot kapunk, a verseny m\u00e1jus 13-\u00e1n folytat\u00f3dik az Alberobello-Lecce \u00e1llom\u00e1soz\u00f3 Cuatro szakasszal. A Giro 2025-\u00f6s \u00e1llom\u00e1s\u00e1nak \u00faj bemutat\u00f3ja janu\u00e1rra halasztott\u00e1k, de a csapatok \u00fagy t\u0171nik, inform\u00e1ci\u00f3kat adtak ki az \u00faj \u00fatvonalr\u00f3l, \u00edgy \u0151k fogj\u00e1k eld\u00f6nteni, hogy melyik motorosnak lesz sz\u00fcks\u00e9ge az \u00faj Corsa Ros\u00e1ra m\u00e1jusban. \u00d6t hegyz\u00e1r\u00f3 lesz, neh\u00e9z emelked\u0151kkel Olaszorsz\u00e1g d\u00e9li r\u00e9sz\u00e9n \u00e9s a toszk\u00e1n Appenninek Alpjaiban tal\u00e1lhat\u00f3 magas San Pellegrino-n. A 15. szakasz a vadonat\u00faj Montegrappa emelked\u0151vel kezd\u0151dik, a 16. szakasz n\u00e9gy emelked\u0151t tartalmaz a Garda foly\u00f3t\u00f3l nyugatra, majd a 17. szakasz a Bormio-hegys\u00e9gben \u00e9r v\u00e9get, k\u00f6zvetlen\u00fcl a leg\u00fajabb Mortirolo megm\u00e1sz\u00e1sa ut\u00e1n.<\/p>\n<h2 id=\"toc-3\">Giro d&#39;Italia versenyz\u0151 csod\u00e1t l\u00e1tott: Maradjon t\u00e1vol, miut\u00e1n a szakad\u00e9kba d\u0151lt<\/h2>\n<p>Del Toro eddig nagyszer\u0171 taktikai v\u00e9dekez\u00e9st mutatott be, nem utols\u00f3sorban Carapaz semleges\u00edt\u00e9s\u00e9vel. Azonban fenyeget\u00e9st jelentettek azzal, hogy Yatesnek hatalmas el\u0151nyt engedtek. Visszal\u00e9ptek Del Tor\u00f3hoz, \u00e9s Carapaz dikt\u00e1lja az \u00e1ll\u00e1st. Yates elk\u00e9sz\u00edti a k\u00f6vetkez\u0151 t\u00e1mad\u00e1s\u00e1t, \u00e9s ma m\u00e9g nincs azonnali v\u00e1lasz.<\/p>\n","protected":false},"excerpt":{"rendered":"<p>Tartalom Game bookers b\u00f3nuszk\u00f3d &#8211; A leg\u00fajabb kiemelked\u0151 t\u00f6rt\u00e9net att\u00f3l kezdve, hogy mind\u00f6ssze nyolc ker\u00e9kp\u00e1ros teljes\u00edtette az \u00faj Giro d&#39;Itali\u00e1t 18. f\u00e1zis K\u00f6vesd a Tour de France 16. szakasz\u00e1t az interneten: A k\u00f6zvet\u00edt\u0151k \u00e9s te is megtal\u00e1lod a Mont Ventoux-i \u00f6sszecsap\u00e1sodat Giro d&#39;Italia versenyz\u0151 csod\u00e1t l\u00e1tott: Maradjon t\u00e1vol, miut\u00e1n a szakad\u00e9kba d\u0151lt Az emelked\u0151 bez\u00e1rul, [&hellip;]<\/p>\n","protected":false},"author":1,"featured_media":0,"comment_status":"closed","ping_status":"open","sticky":false,"template":"","format":"standard","meta":{"footnotes":""},"categories":[1],"tags":[],"class_list":["post-1214","post","type-post","status-publish","format-standard","hentry","category-1"],"yoast_head":"<!-- This site is optimized with the Yoast SEO plugin v27.0 - https:\/\/yoast.com\/product\/yoast-seo-wordpress\/ -->\n<title>GIRO&#039;25 18. szakasz: Unicamente Denz Larger Split - \u0645\u0643\u064a\u0641\u0627\u062a \u062c\u062f\u0629 0531307020 \u0645\u0643\u064a\u0641\u0627\u062a \u062c\u062f\u0629<\/title>\n<meta name=\"robots\" content=\"index, follow, max-snippet:-1, max-image-preview:large, max-video-preview:-1\" \/>\n<link rel=\"canonical\" href=\"https:\/\/kahrabaeyjeddah.com\/?p=1214\" \/>\n<meta property=\"og:locale\" content=\"ar_AR\" \/>\n<meta property=\"og:type\" content=\"article\" \/>\n<meta property=\"og:title\" content=\"GIRO&#039;25 18. szakasz: Unicamente Denz Larger Split - \u0645\u0643\u064a\u0641\u0627\u062a \u062c\u062f\u0629 0531307020 \u0645\u0643\u064a\u0641\u0627\u062a \u062c\u062f\u0629\" \/>\n<meta property=\"og:description\" content=\"Tartalom Game bookers b\u00f3nuszk\u00f3d &#8211; A leg\u00fajabb kiemelked\u0151 t\u00f6rt\u00e9net att\u00f3l kezdve, hogy mind\u00f6ssze nyolc ker\u00e9kp\u00e1ros teljes\u00edtette az \u00faj Giro d&#039;Itali\u00e1t 18. f\u00e1zis K\u00f6vesd a Tour de France 16. szakasz\u00e1t az interneten: A k\u00f6zvet\u00edt\u0151k \u00e9s te is megtal\u00e1lod a Mont Ventoux-i \u00f6sszecsap\u00e1sodat Giro d&#039;Italia versenyz\u0151 csod\u00e1t l\u00e1tott: Maradjon t\u00e1vol, miut\u00e1n a szakad\u00e9kba d\u0151lt Az emelked\u0151 bez\u00e1rul, [&hellip;]\" \/>\n<meta property=\"og:url\" content=\"https:\/\/kahrabaeyjeddah.com\/?p=1214\" \/>\n<meta property=\"og:site_name\" content=\"\u0645\u0643\u064a\u0641\u0627\u062a \u062c\u062f\u0629 0531307020 \u0645\u0643\u064a\u0641\u0627\u062a \u062c\u062f\u0629\" \/>\n<meta property=\"article:publisher\" content=\"https:\/\/www.facebook.com\/kahrabaeyjeddah\/\" \/>\n<meta property=\"article:published_time\" content=\"2026-03-14T02:40:01+00:00\" \/>\n<meta property=\"og:image\" content=\"https:\/\/covers.magazinecloner.com\/covers\/100650.jpg\" \/>\n<meta name=\"author\" content=\"admin\" \/>\n<meta name=\"twitter:card\" content=\"summary_large_image\" \/>\n<meta name=\"twitter:creator\" content=\"@m3kahrabaey\" \/>\n<meta name=\"twitter:site\" content=\"@m3kahrabaey\" \/>\n<meta name=\"twitter:label1\" content=\"\u0643\u064f\u062a\u0628 \u0628\u0648\u0627\u0633\u0637\u0629\" \/>\n\t<meta name=\"twitter:data1\" content=\"admin\" \/>\n\t<meta name=\"twitter:label2\" content=\"\u0648\u0642\u062a \u0627\u0644\u0642\u0631\u0627\u0621\u0629 \u0627\u0644\u0645\u064f\u0642\u062f\u0651\u0631\" \/>\n\t<meta name=\"twitter:data2\" content=\"8 \u062f\u0642\u0627\u0626\u0642\" \/>\n<script type=\"application\/ld+json\" class=\"yoast-schema-graph\">{\"@context\":\"https:\/\/schema.org\",\"@graph\":[{\"@type\":\"Article\",\"@id\":\"https:\/\/kahrabaeyjeddah.com\/?p=1214#article\",\"isPartOf\":{\"@id\":\"https:\/\/kahrabaeyjeddah.com\/?p=1214\"},\"author\":{\"name\":\"admin\",\"@id\":\"https:\/\/kahrabaeyjeddah.com\/#\/schema\/person\/39cb1e6fb8ff3cdc823e0028a2f992d6\"},\"headline\":\"GIRO&#39;25 18. szakasz: Unicamente Denz Larger Split\",\"datePublished\":\"2026-03-14T02:40:01+00:00\",\"mainEntityOfPage\":{\"@id\":\"https:\/\/kahrabaeyjeddah.com\/?p=1214\"},\"wordCount\":1592,\"image\":{\"@id\":\"https:\/\/kahrabaeyjeddah.com\/?p=1214#primaryimage\"},\"thumbnailUrl\":\"https:\/\/covers.magazinecloner.com\/covers\/100650.jpg\",\"articleSection\":[\"\u0645\u0643\u064a\u0641\u0627\u062a \u062c\u062f\u0629\"],\"inLanguage\":\"ar\"},{\"@type\":\"WebPage\",\"@id\":\"https:\/\/kahrabaeyjeddah.com\/?p=1214\",\"url\":\"https:\/\/kahrabaeyjeddah.com\/?p=1214\",\"name\":\"GIRO&#39;25 18. szakasz: Unicamente Denz Larger Split - \u0645\u0643\u064a\u0641\u0627\u062a \u062c\u062f\u0629 0531307020 \u0645\u0643\u064a\u0641\u0627\u062a \u062c\u062f\u0629\",\"isPartOf\":{\"@id\":\"https:\/\/kahrabaeyjeddah.com\/#website\"},\"primaryImageOfPage\":{\"@id\":\"https:\/\/kahrabaeyjeddah.com\/?p=1214#primaryimage\"},\"image\":{\"@id\":\"https:\/\/kahrabaeyjeddah.com\/?p=1214#primaryimage\"},\"thumbnailUrl\":\"https:\/\/covers.magazinecloner.com\/covers\/100650.jpg\",\"datePublished\":\"2026-03-14T02:40:01+00:00\",\"author\":{\"@id\":\"https:\/\/kahrabaeyjeddah.com\/#\/schema\/person\/39cb1e6fb8ff3cdc823e0028a2f992d6\"},\"breadcrumb\":{\"@id\":\"https:\/\/kahrabaeyjeddah.com\/?p=1214#breadcrumb\"},\"inLanguage\":\"ar\",\"potentialAction\":[{\"@type\":\"ReadAction\",\"target\":[\"https:\/\/kahrabaeyjeddah.com\/?p=1214\"]}]},{\"@type\":\"ImageObject\",\"inLanguage\":\"ar\",\"@id\":\"https:\/\/kahrabaeyjeddah.com\/?p=1214#primaryimage\",\"url\":\"https:\/\/covers.magazinecloner.com\/covers\/100650.jpg\",\"contentUrl\":\"https:\/\/covers.magazinecloner.com\/covers\/100650.jpg\"},{\"@type\":\"BreadcrumbList\",\"@id\":\"https:\/\/kahrabaeyjeddah.com\/?p=1214#breadcrumb\",\"itemListElement\":[{\"@type\":\"ListItem\",\"position\":1,\"name\":\"\u0627\u0644\u0631\u0626\u064a\u0633\u064a\u0629\",\"item\":\"https:\/\/kahrabaeyjeddah.com\/\"},{\"@type\":\"ListItem\",\"position\":2,\"name\":\"GIRO&#39;25 18. szakasz: Unicamente Denz Larger Split\"}]},{\"@type\":\"WebSite\",\"@id\":\"https:\/\/kahrabaeyjeddah.com\/#website\",\"url\":\"https:\/\/kahrabaeyjeddah.com\/\",\"name\":\"\u0645\u0643\u064a\u0641\u0627\u062a \u062c\u062f\u0629 0531307020 \u0645\u0643\u064a\u0641\u0627\u062a \u062c\u062f\u0629\",\"description\":\"\u0641\u0646\u064a \u0643\u0647\u0631\u0628\u0627\u0621 \u0641\u064a \u062c\u062f\u0629 \u0645\u062f\u0631\u0628 \u0648\u0630\u0648 \u062e\u0628\u0631\u0629 \u0639\u0627\u0644\u064a\u0629 \u0628\u062c\u0645\u064a\u0639 \u0623\u0639\u0645\u0627\u0644 \u0627\u0644\u0643\u0647\u0631\u0628\u0627\u0621 \u062a\u0623\u0633\u064a\u0633 \u0648\u062a\u0634\u0637\u064a\u0628 \u0648\u0635\u064a\u0627\u0646\u0629 \u0648 \u062a\u0631\u0643\u064a\u0628 \u0648\u0625\u0635\u0644\u0627\u062d \u0627\u0644\u0623\u0646\u0638\u0645\u0629 \u0627\u0644\u0645\u0643\u064a\u0641\u0627\u062a\u0629 \u0648\u062a\u062d\u062f\u064a\u062f \u0645\u0648\u0627\u0642\u0639 \u0627\u0644\u0623\u0639\u0637\u0627\u0644\",\"potentialAction\":[{\"@type\":\"SearchAction\",\"target\":{\"@type\":\"EntryPoint\",\"urlTemplate\":\"https:\/\/kahrabaeyjeddah.com\/?s={search_term_string}\"},\"query-input\":{\"@type\":\"PropertyValueSpecification\",\"valueRequired\":true,\"valueName\":\"search_term_string\"}}],\"inLanguage\":\"ar\"},{\"@type\":\"Person\",\"@id\":\"https:\/\/kahrabaeyjeddah.com\/#\/schema\/person\/39cb1e6fb8ff3cdc823e0028a2f992d6\",\"name\":\"admin\",\"image\":{\"@type\":\"ImageObject\",\"inLanguage\":\"ar\",\"@id\":\"https:\/\/kahrabaeyjeddah.com\/#\/schema\/person\/image\/\",\"url\":\"https:\/\/secure.gravatar.com\/avatar\/0b369fd873e78120f2b93ead91afad2587ac51b4f6c4bb403438c9bfc3c9aa21?s=96&d=mm&r=g\",\"contentUrl\":\"https:\/\/secure.gravatar.com\/avatar\/0b369fd873e78120f2b93ead91afad2587ac51b4f6c4bb403438c9bfc3c9aa21?s=96&d=mm&r=g\",\"caption\":\"admin\"},\"sameAs\":[\"https:\/\/kahrabaeyjeddah.com\"],\"url\":\"https:\/\/kahrabaeyjeddah.com\/?author=1\"}]}<\/script>\n<!-- \/ Yoast SEO plugin. -->","yoast_head_json":{"title":"GIRO&#39;25 18. szakasz: Unicamente Denz Larger Split - \u0645\u0643\u064a\u0641\u0627\u062a \u062c\u062f\u0629 0531307020 \u0645\u0643\u064a\u0641\u0627\u062a \u062c\u062f\u0629","robots":{"index":"index","follow":"follow","max-snippet":"max-snippet:-1","max-image-preview":"max-image-preview:large","max-video-preview":"max-video-preview:-1"},"canonical":"https:\/\/kahrabaeyjeddah.com\/?p=1214","og_locale":"ar_AR","og_type":"article","og_title":"GIRO&#39;25 18. szakasz: Unicamente Denz Larger Split - \u0645\u0643\u064a\u0641\u0627\u062a \u062c\u062f\u0629 0531307020 \u0645\u0643\u064a\u0641\u0627\u062a \u062c\u062f\u0629","og_description":"Tartalom Game bookers b\u00f3nuszk\u00f3d &#8211; A leg\u00fajabb kiemelked\u0151 t\u00f6rt\u00e9net att\u00f3l kezdve, hogy mind\u00f6ssze nyolc ker\u00e9kp\u00e1ros teljes\u00edtette az \u00faj Giro d&#39;Itali\u00e1t 18. f\u00e1zis K\u00f6vesd a Tour de France 16. szakasz\u00e1t az interneten: A k\u00f6zvet\u00edt\u0151k \u00e9s te is megtal\u00e1lod a Mont Ventoux-i \u00f6sszecsap\u00e1sodat Giro d&#39;Italia versenyz\u0151 csod\u00e1t l\u00e1tott: Maradjon t\u00e1vol, miut\u00e1n a szakad\u00e9kba d\u0151lt Az emelked\u0151 bez\u00e1rul, [&hellip;]","og_url":"https:\/\/kahrabaeyjeddah.com\/?p=1214","og_site_name":"\u0645\u0643\u064a\u0641\u0627\u062a \u062c\u062f\u0629 0531307020 \u0645\u0643\u064a\u0641\u0627\u062a \u062c\u062f\u0629","article_publisher":"https:\/\/www.facebook.com\/kahrabaeyjeddah\/","article_published_time":"2026-03-14T02:40:01+00:00","og_image":[{"url":"https:\/\/covers.magazinecloner.com\/covers\/100650.jpg","type":"","width":"","height":""}],"author":"admin","twitter_card":"summary_large_image","twitter_creator":"@m3kahrabaey","twitter_site":"@m3kahrabaey","twitter_misc":{"\u0643\u064f\u062a\u0628 \u0628\u0648\u0627\u0633\u0637\u0629":"admin","\u0648\u0642\u062a \u0627\u0644\u0642\u0631\u0627\u0621\u0629 \u0627\u0644\u0645\u064f\u0642\u062f\u0651\u0631":"8 \u062f\u0642\u0627\u0626\u0642"},"schema":{"@context":"https:\/\/schema.org","@graph":[{"@type":"Article","@id":"https:\/\/kahrabaeyjeddah.com\/?p=1214#article","isPartOf":{"@id":"https:\/\/kahrabaeyjeddah.com\/?p=1214"},"author":{"name":"admin","@id":"https:\/\/kahrabaeyjeddah.com\/#\/schema\/person\/39cb1e6fb8ff3cdc823e0028a2f992d6"},"headline":"GIRO&#39;25 18. szakasz: Unicamente Denz Larger Split","datePublished":"2026-03-14T02:40:01+00:00","mainEntityOfPage":{"@id":"https:\/\/kahrabaeyjeddah.com\/?p=1214"},"wordCount":1592,"image":{"@id":"https:\/\/kahrabaeyjeddah.com\/?p=1214#primaryimage"},"thumbnailUrl":"https:\/\/covers.magazinecloner.com\/covers\/100650.jpg","articleSection":["\u0645\u0643\u064a\u0641\u0627\u062a \u062c\u062f\u0629"],"inLanguage":"ar"},{"@type":"WebPage","@id":"https:\/\/kahrabaeyjeddah.com\/?p=1214","url":"https:\/\/kahrabaeyjeddah.com\/?p=1214","name":"GIRO&#39;25 18. szakasz: Unicamente Denz Larger Split - \u0645\u0643\u064a\u0641\u0627\u062a \u062c\u062f\u0629 0531307020 \u0645\u0643\u064a\u0641\u0627\u062a \u062c\u062f\u0629","isPartOf":{"@id":"https:\/\/kahrabaeyjeddah.com\/#website"},"primaryImageOfPage":{"@id":"https:\/\/kahrabaeyjeddah.com\/?p=1214#primaryimage"},"image":{"@id":"https:\/\/kahrabaeyjeddah.com\/?p=1214#primaryimage"},"thumbnailUrl":"https:\/\/covers.magazinecloner.com\/covers\/100650.jpg","datePublished":"2026-03-14T02:40:01+00:00","author":{"@id":"https:\/\/kahrabaeyjeddah.com\/#\/schema\/person\/39cb1e6fb8ff3cdc823e0028a2f992d6"},"breadcrumb":{"@id":"https:\/\/kahrabaeyjeddah.com\/?p=1214#breadcrumb"},"inLanguage":"ar","potentialAction":[{"@type":"ReadAction","target":["https:\/\/kahrabaeyjeddah.com\/?p=1214"]}]},{"@type":"ImageObject","inLanguage":"ar","@id":"https:\/\/kahrabaeyjeddah.com\/?p=1214#primaryimage","url":"https:\/\/covers.magazinecloner.com\/covers\/100650.jpg","contentUrl":"https:\/\/covers.magazinecloner.com\/covers\/100650.jpg"},{"@type":"BreadcrumbList","@id":"https:\/\/kahrabaeyjeddah.com\/?p=1214#breadcrumb","itemListElement":[{"@type":"ListItem","position":1,"name":"\u0627\u0644\u0631\u0626\u064a\u0633\u064a\u0629","item":"https:\/\/kahrabaeyjeddah.com\/"},{"@type":"ListItem","position":2,"name":"GIRO&#39;25 18. szakasz: Unicamente Denz Larger Split"}]},{"@type":"WebSite","@id":"https:\/\/kahrabaeyjeddah.com\/#website","url":"https:\/\/kahrabaeyjeddah.com\/","name":"\u0645\u0643\u064a\u0641\u0627\u062a \u062c\u062f\u0629 0531307020 \u0645\u0643\u064a\u0641\u0627\u062a \u062c\u062f\u0629","description":"\u0641\u0646\u064a \u0643\u0647\u0631\u0628\u0627\u0621 \u0641\u064a \u062c\u062f\u0629 \u0645\u062f\u0631\u0628 \u0648\u0630\u0648 \u062e\u0628\u0631\u0629 \u0639\u0627\u0644\u064a\u0629 \u0628\u062c\u0645\u064a\u0639 \u0623\u0639\u0645\u0627\u0644 \u0627\u0644\u0643\u0647\u0631\u0628\u0627\u0621 \u062a\u0623\u0633\u064a\u0633 \u0648\u062a\u0634\u0637\u064a\u0628 \u0648\u0635\u064a\u0627\u0646\u0629 \u0648 \u062a\u0631\u0643\u064a\u0628 \u0648\u0625\u0635\u0644\u0627\u062d \u0627\u0644\u0623\u0646\u0638\u0645\u0629 \u0627\u0644\u0645\u0643\u064a\u0641\u0627\u062a\u0629 \u0648\u062a\u062d\u062f\u064a\u062f \u0645\u0648\u0627\u0642\u0639 \u0627\u0644\u0623\u0639\u0637\u0627\u0644","potentialAction":[{"@type":"SearchAction","target":{"@type":"EntryPoint","urlTemplate":"https:\/\/kahrabaeyjeddah.com\/?s={search_term_string}"},"query-input":{"@type":"PropertyValueSpecification","valueRequired":true,"valueName":"search_term_string"}}],"inLanguage":"ar"},{"@type":"Person","@id":"https:\/\/kahrabaeyjeddah.com\/#\/schema\/person\/39cb1e6fb8ff3cdc823e0028a2f992d6","name":"admin","image":{"@type":"ImageObject","inLanguage":"ar","@id":"https:\/\/kahrabaeyjeddah.com\/#\/schema\/person\/image\/","url":"https:\/\/secure.gravatar.com\/avatar\/0b369fd873e78120f2b93ead91afad2587ac51b4f6c4bb403438c9bfc3c9aa21?s=96&d=mm&r=g","contentUrl":"https:\/\/secure.gravatar.com\/avatar\/0b369fd873e78120f2b93ead91afad2587ac51b4f6c4bb403438c9bfc3c9aa21?s=96&d=mm&r=g","caption":"admin"},"sameAs":["https:\/\/kahrabaeyjeddah.com"],"url":"https:\/\/kahrabaeyjeddah.com\/?author=1"}]}},"_links":{"self":[{"href":"https:\/\/kahrabaeyjeddah.com\/index.php?rest_route=\/wp\/v2\/posts\/1214","targetHints":{"allow":["GET"]}}],"collection":[{"href":"https:\/\/kahrabaeyjeddah.com\/index.php?rest_route=\/wp\/v2\/posts"}],"about":[{"href":"https:\/\/kahrabaeyjeddah.com\/index.php?rest_route=\/wp\/v2\/types\/post"}],"author":[{"embeddable":true,"href":"https:\/\/kahrabaeyjeddah.com\/index.php?rest_route=\/wp\/v2\/users\/1"}],"replies":[{"embeddable":true,"href":"https:\/\/kahrabaeyjeddah.com\/index.php?rest_route=%2Fwp%2Fv2%2Fcomments&post=1214"}],"version-history":[{"count":1,"href":"https:\/\/kahrabaeyjeddah.com\/index.php?rest_route=\/wp\/v2\/posts\/1214\/revisions"}],"predecessor-version":[{"id":1215,"href":"https:\/\/kahrabaeyjeddah.com\/index.php?rest_route=\/wp\/v2\/posts\/1214\/revisions\/1215"}],"wp:attachment":[{"href":"https:\/\/kahrabaeyjeddah.com\/index.php?rest_route=%2Fwp%2Fv2%2Fmedia&parent=1214"}],"wp:term":[{"taxonomy":"category","embeddable":true,"href":"https:\/\/kahrabaeyjeddah.com\/index.php?rest_route=%2Fwp%2Fv2%2Fcategories&post=1214"},{"taxonomy":"post_tag","embeddable":true,"href":"https:\/\/kahrabaeyjeddah.com\/index.php?rest_route=%2Fwp%2Fv2%2Ftags&post=1214"}],"curies":[{"name":"wp","href":"https:\/\/api.w.org\/{rel}","templated":true}]}}